{"id":2513,"date":"2023-03-26T13:51:40","date_gmt":"2023-03-26T11:51:40","guid":{"rendered":"https:\/\/theatre-lille.com\/?p=2513"},"modified":"2023-03-27T23:40:46","modified_gmt":"2023-03-27T21:40:46","slug":"deconnectez","status":"publish","type":"post","link":"https:\/\/theatre-lille.com\/index.php\/2023\/03\/26\/deconnectez\/","title":{"rendered":"<i>D\u00e9connectez !<\/i>"},"content":{"rendered":"\n<div class=\"wp-block-columns is-layout-flex wp-container-core-columns-is-layout-9d6595d7 wp-block-columns-is-layout-flex\">\n<div class=\"wp-block-column is-layout-flow wp-block-column-is-layout-flow\">\n<p><strong>Com\u00e9die th\u00e9\u00e2trale pr\u00e9sent\u00e9e l<\/strong>e dimanche <strong>16 avril 2023<\/strong> \u00e0 <strong>15h30<\/strong> \u00e0 la <a href=\"https:\/\/goo.gl\/maps\/BAiaevENspu81Yom9\" target=\"_blank\" rel=\"noreferrer noopener\"><u>Salle Marie Curie<\/u><\/a>, 4 rue Pierre Curie, \u00e0 Mons-en-Bar\u0153ul (parking disponible).<\/p>\n\n\n\n<p>Attention ! pas de r\u00e9servation possible pour ce spectacle : paiement sur place en liquide uniquement.<\/p>\n\n\n\n<p>Tarif : <strong>8 \u20ac<\/strong> <br>(12 \u20ac pour voir \u00e9galement <em><a href=\"https:\/\/theatre-lille.com\/index.php\/2023\/03\/26\/balance-ton-ribes\/\" data-type=\"post\" data-id=\"2515\"><u>Balance ton Ribes<\/u><\/a><\/em> \u00e0 18h)<\/p>\n<\/div>\n\n\n\n<div class=\"wp-block-column is-layout-flow wp-block-column-is-layout-flow\">\n<figure class=\"wp-block-image size-large is-resized\"><img loading=\"lazy\" decoding=\"async\" src=\"https:\/\/theatre-lille.com\/wp-content\/uploads\/2023\/03\/Affiche-Deconnectez.png\" alt=\"\" width=\"397\" height=\"561\"\/><figcaption>Affiche r\u00e9alis\u00e9e par Mathilde<\/figcaption><\/figure>\n<\/div>\n<\/div>\n\n\n\n<blockquote class=\"wp-block-quote is-layout-flow wp-block-quote-is-layout-flow\"><p><strong>La technologie m&rsquo;a tuer&nbsp;!<\/strong><\/p><p>Marre de la digitalisation \u00e0 tout va&nbsp;? Vous avez des boutons en entendant la novlangue&nbsp;? La technologie n\u2019est plus votre amie&nbsp;? Vous n\u2019en pouvez plus de tous ces acronymes&nbsp;? D\u00e9connectez&nbsp;!<br>Nous allons ensemble partir sur les traces d\u2019un mariage totalement d\u00e9mat\u00e9rialis\u00e9, d\u2019un service d\u2019assistance peu prompt \u00e0 aider ou encore d\u2019un d\u00e9put\u00e9 qui ne sait plus parler normalement\u2026 puis nous allons tous ensemble b\u00e9n\u00e9ficier d\u2019un atelier de d\u00e9sintoxication \u00e0 la technologie&nbsp;!<br>Venez retrouver du temps de cerveau disponible gr\u00e2ce \u00e0 ce recueil de sketchs caustiques et dystopiques \u00e0 propos de l\u2019\u00e9volution du monde et de toutes les fa\u00e7ons dont les innovations prennent le pas sur notre quotidien.<\/p><\/blockquote>\n\n\n\n<p>Savoureux m\u00e9lange d\u2019absurde et d\u2019humour, ce spectacle est le fruit du travail des <strong>\u00e9l\u00e8ves du groupe #1 du cours de Confiance en soi par le th\u00e9\u00e2tre du lundi soir<\/strong> des Cours de th\u00e9\u00e2tre The V-.<\/p>\n","protected":false},"excerpt":{"rendered":"<p>Com\u00e9die th\u00e9\u00e2trale pr\u00e9sent\u00e9e le dimanche 16 avril 2023 \u00e0 15h30 \u00e0 la Salle Marie Curie, 4 rue Pierre Curie, \u00e0 Mons-en-Bar\u0153ul (parking disponible). Attention ! pas de r\u00e9servation possible pour <a href=\"https:\/\/theatre-lille.com\/index.php\/2023\/03\/26\/deconnectez\/\" class=\"read-more button-fancy -red\"><span class=\"btn-arrow\"><\/span><span class=\"twp-read-more text\">Je veux lire la suite !<\/span><\/a><\/p>\n","protected":false},"author":1,"featured_media":0,"comment_status":"closed","ping_status":"closed","sticky":false,"template":"","format":"standard","meta":{"_jetpack_memberships_contains_paid_content":false,"wds_primary_category":0,"footnotes":""},"categories":[1],"tags":[],"class_list":["post-2513","post","type-post","status-publish","format-standard","hentry","category-non-classe"],"jetpack_featured_media_url":"","jetpack_sharing_enabled":true,"_links":{"self":[{"href":"https:\/\/theatre-lille.com\/index.php\/wp-json\/wp\/v2\/posts\/2513","targetHints":{"allow":["GET"]}}],"collection":[{"href":"https:\/\/theatre-lille.com\/index.php\/wp-json\/wp\/v2\/posts"}],"about":[{"href":"https:\/\/theatre-lille.com\/index.php\/wp-json\/wp\/v2\/types\/post"}],"author":[{"embeddable":true,"href":"https:\/\/theatre-lille.com\/index.php\/wp-json\/wp\/v2\/users\/1"}],"replies":[{"embeddable":true,"href":"https:\/\/theatre-lille.com\/index.php\/wp-json\/wp\/v2\/comments?post=2513"}],"version-history":[{"count":8,"href":"https:\/\/theatre-lille.com\/index.php\/wp-json\/wp\/v2\/posts\/2513\/revisions"}],"predecessor-version":[{"id":2536,"href":"https:\/\/theatre-lille.com\/index.php\/wp-json\/wp\/v2\/posts\/2513\/revisions\/2536"}],"wp:attachment":[{"href":"https:\/\/theatre-lille.com\/index.php\/wp-json\/wp\/v2\/media?parent=2513"}],"wp:term":[{"taxonomy":"category","embeddable":true,"href":"https:\/\/theatre-lille.com\/index.php\/wp-json\/wp\/v2\/categories?post=2513"},{"taxonomy":"post_tag","embeddable":true,"href":"https:\/\/theatre-lille.com\/index.php\/wp-json\/wp\/v2\/tags?post=2513"}],"curies":[{"name":"wp","href":"https:\/\/api.w.org\/{rel}","templated":true}]}}